{"id":18063,"date":"2023-08-29T11:01:03","date_gmt":"2023-08-29T09:01:03","guid":{"rendered":"https:\/\/kontron-slovenia.com\/?p=18063"},"modified":"2024-09-29T18:16:34","modified_gmt":"2024-09-29T17:16:34","slug":"infosek-2023","status":"publish","type":"post","link":"https:\/\/kontron-slovenia.com\/sl\/infosek-2023\/","title":{"rendered":"Infosek 2023"},"content":{"rendered":"","protected":false},"excerpt":{"rendered":"","protected":false},"author":10,"featured_media":18064,"comment_status":"open","ping_status":"open","sticky":false,"template":"","format":"standard","meta":{"_acf_changed":false,"footnotes":""},"categories":[10],"tags":[],"class_list":["post-18063","post","type-post","status-publish","format-standard","has-post-thumbnail","hentry","category-dogodki"],"acf":[],"yoast_head":"<!-- This site is optimized with the Yoast SEO plugin v27.3 - https:\/\/yoast.com\/product\/yoast-seo-wordpress\/ -->\n<title>Infosek 2023 - kontron<\/title>\n<meta name=\"description\" content=\"Infosek, najve\u010dji dogodek v Sloveniji na podro\u010dju informacijske varnosti udele\u017eencem ponuja, da se seznanijo z najnovej\u0161imi trendi, ki jih prina\u0161a informacijska varnost, tako v slovenskem, kot tudi \u0161ir\u0161e, v evropskem prostoru, saj poleg doma\u010dih predavateljev vsako leto gosti tudi ugledne tuje strokovnjake.\" \/>\n<meta name=\"robots\" content=\"index, follow, max-snippet:-1, max-image-preview:large, max-video-preview:-1\" \/>\n<link rel=\"canonical\" href=\"https:\/\/kontron-slovenia.com\/sl\/infosek-2023\/\" \/>\n<meta property=\"og:locale\" content=\"sl_SI\" \/>\n<meta property=\"og:type\" content=\"article\" \/>\n<meta property=\"og:title\" content=\"Infosek 2023 - kontron\" \/>\n<meta property=\"og:description\" content=\"Infosek, najve\u010dji dogodek v Sloveniji na podro\u010dju informacijske varnosti udele\u017eencem ponuja, da se seznanijo z najnovej\u0161imi trendi, ki jih prina\u0161a informacijska varnost, tako v slovenskem, kot tudi \u0161ir\u0161e, v evropskem prostoru, saj poleg doma\u010dih predavateljev vsako leto gosti tudi ugledne tuje strokovnjake.\" \/>\n<meta property=\"og:url\" content=\"https:\/\/kontron-slovenia.com\/sl\/infosek-2023\/\" \/>\n<meta property=\"og:site_name\" content=\"kontron\" \/>\n<meta property=\"article:published_time\" content=\"2023-08-29T09:01:03+00:00\" \/>\n<meta property=\"article:modified_time\" content=\"2024-09-29T17:16:34+00:00\" \/>\n<meta property=\"og:image\" content=\"https:\/\/kontron-slovenia.com\/wp-content\/uploads\/2023\/08\/Konferenca-INFOSEK-2023.png\" \/>\n\t<meta property=\"og:image:width\" content=\"1920\" \/>\n\t<meta property=\"og:image:height\" content=\"1080\" \/>\n\t<meta property=\"og:image:type\" content=\"image\/png\" \/>\n<meta name=\"author\" content=\"Ur\u0161a Mubi\" \/>\n<meta name=\"twitter:card\" content=\"summary_large_image\" \/>\n<script type=\"application\/ld+json\" class=\"yoast-schema-graph\">{\"@context\":\"https:\\\/\\\/schema.org\",\"@graph\":[{\"@type\":[\"Article\",\"BlogPosting\"],\"@id\":\"https:\\\/\\\/kontron-slovenia.com\\\/sl\\\/infosek-2023\\\/#article\",\"isPartOf\":{\"@id\":\"https:\\\/\\\/kontron-slovenia.com\\\/sl\\\/infosek-2023\\\/\"},\"author\":{\"name\":\"Ur\u0161a Mubi\",\"@id\":\"https:\\\/\\\/kontron-slovenia.com\\\/sl\\\/#\\\/schema\\\/person\\\/83ab1a2ff74986b8004826fa53ce3296\"},\"headline\":\"Infosek 2023\",\"datePublished\":\"2023-08-29T09:01:03+00:00\",\"dateModified\":\"2024-09-29T17:16:34+00:00\",\"mainEntityOfPage\":{\"@id\":\"https:\\\/\\\/kontron-slovenia.com\\\/sl\\\/infosek-2023\\\/\"},\"wordCount\":1,\"commentCount\":0,\"publisher\":{\"@id\":\"https:\\\/\\\/kontron-slovenia.com\\\/sl\\\/#organization\"},\"image\":{\"@id\":\"https:\\\/\\\/kontron-slovenia.com\\\/sl\\\/infosek-2023\\\/#primaryimage\"},\"thumbnailUrl\":\"https:\\\/\\\/kontron-slovenia.com\\\/wp-content\\\/uploads\\\/2023\\\/08\\\/Konferenca-INFOSEK-2023.png\",\"articleSection\":[\"Dogodki\"],\"inLanguage\":\"sl-SI\"},{\"@type\":\"WebPage\",\"@id\":\"https:\\\/\\\/kontron-slovenia.com\\\/sl\\\/infosek-2023\\\/\",\"url\":\"https:\\\/\\\/kontron-slovenia.com\\\/sl\\\/infosek-2023\\\/\",\"name\":\"Infosek 2023 - kontron\",\"isPartOf\":{\"@id\":\"https:\\\/\\\/kontron-slovenia.com\\\/sl\\\/#website\"},\"primaryImageOfPage\":{\"@id\":\"https:\\\/\\\/kontron-slovenia.com\\\/sl\\\/infosek-2023\\\/#primaryimage\"},\"image\":{\"@id\":\"https:\\\/\\\/kontron-slovenia.com\\\/sl\\\/infosek-2023\\\/#primaryimage\"},\"thumbnailUrl\":\"https:\\\/\\\/kontron-slovenia.com\\\/wp-content\\\/uploads\\\/2023\\\/08\\\/Konferenca-INFOSEK-2023.png\",\"datePublished\":\"2023-08-29T09:01:03+00:00\",\"dateModified\":\"2024-09-29T17:16:34+00:00\",\"description\":\"Infosek, najve\u010dji dogodek v Sloveniji na podro\u010dju informacijske varnosti udele\u017eencem ponuja, da se seznanijo z najnovej\u0161imi trendi, ki jih prina\u0161a informacijska varnost, tako v slovenskem, kot tudi \u0161ir\u0161e, v evropskem prostoru, saj poleg doma\u010dih predavateljev vsako leto gosti tudi ugledne tuje strokovnjake.\",\"breadcrumb\":{\"@id\":\"https:\\\/\\\/kontron-slovenia.com\\\/sl\\\/infosek-2023\\\/#breadcrumb\"},\"inLanguage\":\"sl-SI\",\"potentialAction\":[{\"@type\":\"ReadAction\",\"target\":[\"https:\\\/\\\/kontron-slovenia.com\\\/sl\\\/infosek-2023\\\/\"]}]},{\"@type\":\"ImageObject\",\"inLanguage\":\"sl-SI\",\"@id\":\"https:\\\/\\\/kontron-slovenia.com\\\/sl\\\/infosek-2023\\\/#primaryimage\",\"url\":\"https:\\\/\\\/kontron-slovenia.com\\\/wp-content\\\/uploads\\\/2023\\\/08\\\/Konferenca-INFOSEK-2023.png\",\"contentUrl\":\"https:\\\/\\\/kontron-slovenia.com\\\/wp-content\\\/uploads\\\/2023\\\/08\\\/Konferenca-INFOSEK-2023.png\",\"width\":1920,\"height\":1080,\"caption\":\"Konferenca INFOSEK 2023\"},{\"@type\":\"BreadcrumbList\",\"@id\":\"https:\\\/\\\/kontron-slovenia.com\\\/sl\\\/infosek-2023\\\/#breadcrumb\",\"itemListElement\":[{\"@type\":\"ListItem\",\"position\":1,\"name\":\"Kontron\",\"item\":\"https:\\\/\\\/kontron-slovenia.com\\\/sl\\\/\"},{\"@type\":\"ListItem\",\"position\":2,\"name\":\"Infosek 2023\"}]},{\"@type\":\"WebSite\",\"@id\":\"https:\\\/\\\/kontron-slovenia.com\\\/sl\\\/#website\",\"url\":\"https:\\\/\\\/kontron-slovenia.com\\\/sl\\\/\",\"name\":\"Kontron\",\"description\":\"\",\"publisher\":{\"@id\":\"https:\\\/\\\/kontron-slovenia.com\\\/sl\\\/#organization\"},\"potentialAction\":[{\"@type\":\"SearchAction\",\"target\":{\"@type\":\"EntryPoint\",\"urlTemplate\":\"https:\\\/\\\/kontron-slovenia.com\\\/sl\\\/?s={search_term_string}\"},\"query-input\":{\"@type\":\"PropertyValueSpecification\",\"valueRequired\":true,\"valueName\":\"search_term_string\"}}],\"inLanguage\":\"sl-SI\"},{\"@type\":\"Organization\",\"@id\":\"https:\\\/\\\/kontron-slovenia.com\\\/sl\\\/#organization\",\"name\":\"Kontron\",\"url\":\"https:\\\/\\\/kontron-slovenia.com\\\/sl\\\/\",\"logo\":{\"@type\":\"ImageObject\",\"inLanguage\":\"sl-SI\",\"@id\":\"https:\\\/\\\/kontron-slovenia.com\\\/sl\\\/#\\\/schema\\\/logo\\\/image\\\/\",\"url\":\"https:\\\/\\\/kontron-slovenia.com\\\/wp-content\\\/uploads\\\/2023\\\/06\\\/kontron-logo.png\",\"contentUrl\":\"https:\\\/\\\/kontron-slovenia.com\\\/wp-content\\\/uploads\\\/2023\\\/06\\\/kontron-logo.png\",\"width\":384,\"height\":72,\"caption\":\"Kontron\"},\"image\":{\"@id\":\"https:\\\/\\\/kontron-slovenia.com\\\/sl\\\/#\\\/schema\\\/logo\\\/image\\\/\"}},{\"@type\":\"Person\",\"@id\":\"https:\\\/\\\/kontron-slovenia.com\\\/sl\\\/#\\\/schema\\\/person\\\/83ab1a2ff74986b8004826fa53ce3296\",\"name\":\"Ur\u0161a Mubi\",\"image\":{\"@type\":\"ImageObject\",\"inLanguage\":\"sl-SI\",\"@id\":\"https:\\\/\\\/secure.gravatar.com\\\/avatar\\\/8149aec838bc3bff54115b4f8b49842718b7fdbce024b3216aea8162f6086c6a?s=96&d=mm&r=g\",\"url\":\"https:\\\/\\\/secure.gravatar.com\\\/avatar\\\/8149aec838bc3bff54115b4f8b49842718b7fdbce024b3216aea8162f6086c6a?s=96&d=mm&r=g\",\"contentUrl\":\"https:\\\/\\\/secure.gravatar.com\\\/avatar\\\/8149aec838bc3bff54115b4f8b49842718b7fdbce024b3216aea8162f6086c6a?s=96&d=mm&r=g\",\"caption\":\"Ur\u0161a Mubi\"}}]}<\/script>\n<!-- \/ Yoast SEO plugin. -->","yoast_head_json":{"title":"Infosek 2023 - kontron","description":"Infosek, najve\u010dji dogodek v Sloveniji na podro\u010dju informacijske varnosti udele\u017eencem ponuja, da se seznanijo z najnovej\u0161imi trendi, ki jih prina\u0161a informacijska varnost, tako v slovenskem, kot tudi \u0161ir\u0161e, v evropskem prostoru, saj poleg doma\u010dih predavateljev vsako leto gosti tudi ugledne tuje strokovnjake.","robots":{"index":"index","follow":"follow","max-snippet":"max-snippet:-1","max-image-preview":"max-image-preview:large","max-video-preview":"max-video-preview:-1"},"canonical":"https:\/\/kontron-slovenia.com\/sl\/infosek-2023\/","og_locale":"sl_SI","og_type":"article","og_title":"Infosek 2023 - kontron","og_description":"Infosek, najve\u010dji dogodek v Sloveniji na podro\u010dju informacijske varnosti udele\u017eencem ponuja, da se seznanijo z najnovej\u0161imi trendi, ki jih prina\u0161a informacijska varnost, tako v slovenskem, kot tudi \u0161ir\u0161e, v evropskem prostoru, saj poleg doma\u010dih predavateljev vsako leto gosti tudi ugledne tuje strokovnjake.","og_url":"https:\/\/kontron-slovenia.com\/sl\/infosek-2023\/","og_site_name":"kontron","article_published_time":"2023-08-29T09:01:03+00:00","article_modified_time":"2024-09-29T17:16:34+00:00","og_image":[{"width":1920,"height":1080,"url":"https:\/\/kontron-slovenia.com\/wp-content\/uploads\/2023\/08\/Konferenca-INFOSEK-2023.png","type":"image\/png"}],"author":"Ur\u0161a Mubi","twitter_card":"summary_large_image","schema":{"@context":"https:\/\/schema.org","@graph":[{"@type":["Article","BlogPosting"],"@id":"https:\/\/kontron-slovenia.com\/sl\/infosek-2023\/#article","isPartOf":{"@id":"https:\/\/kontron-slovenia.com\/sl\/infosek-2023\/"},"author":{"name":"Ur\u0161a Mubi","@id":"https:\/\/kontron-slovenia.com\/sl\/#\/schema\/person\/83ab1a2ff74986b8004826fa53ce3296"},"headline":"Infosek 2023","datePublished":"2023-08-29T09:01:03+00:00","dateModified":"2024-09-29T17:16:34+00:00","mainEntityOfPage":{"@id":"https:\/\/kontron-slovenia.com\/sl\/infosek-2023\/"},"wordCount":1,"commentCount":0,"publisher":{"@id":"https:\/\/kontron-slovenia.com\/sl\/#organization"},"image":{"@id":"https:\/\/kontron-slovenia.com\/sl\/infosek-2023\/#primaryimage"},"thumbnailUrl":"https:\/\/kontron-slovenia.com\/wp-content\/uploads\/2023\/08\/Konferenca-INFOSEK-2023.png","articleSection":["Dogodki"],"inLanguage":"sl-SI"},{"@type":"WebPage","@id":"https:\/\/kontron-slovenia.com\/sl\/infosek-2023\/","url":"https:\/\/kontron-slovenia.com\/sl\/infosek-2023\/","name":"Infosek 2023 - kontron","isPartOf":{"@id":"https:\/\/kontron-slovenia.com\/sl\/#website"},"primaryImageOfPage":{"@id":"https:\/\/kontron-slovenia.com\/sl\/infosek-2023\/#primaryimage"},"image":{"@id":"https:\/\/kontron-slovenia.com\/sl\/infosek-2023\/#primaryimage"},"thumbnailUrl":"https:\/\/kontron-slovenia.com\/wp-content\/uploads\/2023\/08\/Konferenca-INFOSEK-2023.png","datePublished":"2023-08-29T09:01:03+00:00","dateModified":"2024-09-29T17:16:34+00:00","description":"Infosek, najve\u010dji dogodek v Sloveniji na podro\u010dju informacijske varnosti udele\u017eencem ponuja, da se seznanijo z najnovej\u0161imi trendi, ki jih prina\u0161a informacijska varnost, tako v slovenskem, kot tudi \u0161ir\u0161e, v evropskem prostoru, saj poleg doma\u010dih predavateljev vsako leto gosti tudi ugledne tuje strokovnjake.","breadcrumb":{"@id":"https:\/\/kontron-slovenia.com\/sl\/infosek-2023\/#breadcrumb"},"inLanguage":"sl-SI","potentialAction":[{"@type":"ReadAction","target":["https:\/\/kontron-slovenia.com\/sl\/infosek-2023\/"]}]},{"@type":"ImageObject","inLanguage":"sl-SI","@id":"https:\/\/kontron-slovenia.com\/sl\/infosek-2023\/#primaryimage","url":"https:\/\/kontron-slovenia.com\/wp-content\/uploads\/2023\/08\/Konferenca-INFOSEK-2023.png","contentUrl":"https:\/\/kontron-slovenia.com\/wp-content\/uploads\/2023\/08\/Konferenca-INFOSEK-2023.png","width":1920,"height":1080,"caption":"Konferenca INFOSEK 2023"},{"@type":"BreadcrumbList","@id":"https:\/\/kontron-slovenia.com\/sl\/infosek-2023\/#breadcrumb","itemListElement":[{"@type":"ListItem","position":1,"name":"Kontron","item":"https:\/\/kontron-slovenia.com\/sl\/"},{"@type":"ListItem","position":2,"name":"Infosek 2023"}]},{"@type":"WebSite","@id":"https:\/\/kontron-slovenia.com\/sl\/#website","url":"https:\/\/kontron-slovenia.com\/sl\/","name":"Kontron","description":"","publisher":{"@id":"https:\/\/kontron-slovenia.com\/sl\/#organization"},"potentialAction":[{"@type":"SearchAction","target":{"@type":"EntryPoint","urlTemplate":"https:\/\/kontron-slovenia.com\/sl\/?s={search_term_string}"},"query-input":{"@type":"PropertyValueSpecification","valueRequired":true,"valueName":"search_term_string"}}],"inLanguage":"sl-SI"},{"@type":"Organization","@id":"https:\/\/kontron-slovenia.com\/sl\/#organization","name":"Kontron","url":"https:\/\/kontron-slovenia.com\/sl\/","logo":{"@type":"ImageObject","inLanguage":"sl-SI","@id":"https:\/\/kontron-slovenia.com\/sl\/#\/schema\/logo\/image\/","url":"https:\/\/kontron-slovenia.com\/wp-content\/uploads\/2023\/06\/kontron-logo.png","contentUrl":"https:\/\/kontron-slovenia.com\/wp-content\/uploads\/2023\/06\/kontron-logo.png","width":384,"height":72,"caption":"Kontron"},"image":{"@id":"https:\/\/kontron-slovenia.com\/sl\/#\/schema\/logo\/image\/"}},{"@type":"Person","@id":"https:\/\/kontron-slovenia.com\/sl\/#\/schema\/person\/83ab1a2ff74986b8004826fa53ce3296","name":"Ur\u0161a Mubi","image":{"@type":"ImageObject","inLanguage":"sl-SI","@id":"https:\/\/secure.gravatar.com\/avatar\/8149aec838bc3bff54115b4f8b49842718b7fdbce024b3216aea8162f6086c6a?s=96&d=mm&r=g","url":"https:\/\/secure.gravatar.com\/avatar\/8149aec838bc3bff54115b4f8b49842718b7fdbce024b3216aea8162f6086c6a?s=96&d=mm&r=g","contentUrl":"https:\/\/secure.gravatar.com\/avatar\/8149aec838bc3bff54115b4f8b49842718b7fdbce024b3216aea8162f6086c6a?s=96&d=mm&r=g","caption":"Ur\u0161a Mubi"}}]}},"_links":{"self":[{"href":"https:\/\/kontron-slovenia.com\/sl\/wp-json\/wp\/v2\/posts\/18063","targetHints":{"allow":["GET"]}}],"collection":[{"href":"https:\/\/kontron-slovenia.com\/sl\/wp-json\/wp\/v2\/posts"}],"about":[{"href":"https:\/\/kontron-slovenia.com\/sl\/wp-json\/wp\/v2\/types\/post"}],"author":[{"embeddable":true,"href":"https:\/\/kontron-slovenia.com\/sl\/wp-json\/wp\/v2\/users\/10"}],"replies":[{"embeddable":true,"href":"https:\/\/kontron-slovenia.com\/sl\/wp-json\/wp\/v2\/comments?post=18063"}],"version-history":[{"count":23,"href":"https:\/\/kontron-slovenia.com\/sl\/wp-json\/wp\/v2\/posts\/18063\/revisions"}],"predecessor-version":[{"id":23177,"href":"https:\/\/kontron-slovenia.com\/sl\/wp-json\/wp\/v2\/posts\/18063\/revisions\/23177"}],"wp:featuredmedia":[{"embeddable":true,"href":"https:\/\/kontron-slovenia.com\/sl\/wp-json\/wp\/v2\/media\/18064"}],"wp:attachment":[{"href":"https:\/\/kontron-slovenia.com\/sl\/wp-json\/wp\/v2\/media?parent=18063"}],"wp:term":[{"taxonomy":"category","embeddable":true,"href":"https:\/\/kontron-slovenia.com\/sl\/wp-json\/wp\/v2\/categories?post=18063"},{"taxonomy":"post_tag","embeddable":true,"href":"https:\/\/kontron-slovenia.com\/sl\/wp-json\/wp\/v2\/tags?post=18063"}],"curies":[{"name":"wp","href":"https:\/\/api.w.org\/{rel}","templated":true}]}}