{"id":26446,"date":"2023-05-23T12:05:00","date_gmt":"2023-05-23T11:05:00","guid":{"rendered":"https:\/\/kontron-slovenia.com\/?p=26446"},"modified":"2025-05-26T08:34:51","modified_gmt":"2025-05-26T07:34:51","slug":"javno-sporocilo-o-trenutnem-medijskem-porocanju-kontron-ostaja-popolnoma-zavezan-spostovanju-mednarodnega-prava","status":"publish","type":"post","link":"https:\/\/kontron-slovenia.com\/sl\/javno-sporocilo-o-trenutnem-medijskem-porocanju-kontron-ostaja-popolnoma-zavezan-spostovanju-mednarodnega-prava\/","title":{"rendered":"Javno sporo\u010dilo o trenutnem medijskem poro\u010danju: Kontron ostaja popolnoma zavezan spo\u0161tovanju mednarodnega prava"},"content":{"rendered":"","protected":false},"excerpt":{"rendered":"","protected":false},"author":12,"featured_media":7272,"comment_status":"closed","ping_status":"closed","sticky":false,"template":"","format":"standard","meta":{"_acf_changed":false,"footnotes":""},"categories":[11],"tags":[],"class_list":["post-26446","post","type-post","status-publish","format-standard","has-post-thumbnail","hentry","category-novice"],"acf":[],"yoast_head":"<!-- This site is optimized with the Yoast SEO plugin v27.3 - https:\/\/yoast.com\/product\/yoast-seo-wordpress\/ -->\n<title>Javno sporo\u010dilo o trenutnem medijskem poro\u010danju: Kontron ostaja popolnoma zavezan spo\u0161tovanju mednarodnega prava - kontron<\/title>\n<meta name=\"description\" content=\"Kontron, d. o. o. in skupina Kontron AG svoje obveznosti v okviru mednarodnih sankcij jemljeta zelo resno.\" \/>\n<meta name=\"robots\" content=\"index, follow, max-snippet:-1, max-image-preview:large, max-video-preview:-1\" \/>\n<link rel=\"canonical\" href=\"https:\/\/kontron-slovenia.com\/sl\/javno-sporocilo-o-trenutnem-medijskem-porocanju-kontron-ostaja-popolnoma-zavezan-spostovanju-mednarodnega-prava\/\" \/>\n<meta property=\"og:locale\" content=\"sl_SI\" \/>\n<meta property=\"og:type\" content=\"article\" \/>\n<meta property=\"og:title\" content=\"Javno sporo\u010dilo o trenutnem medijskem poro\u010danju: Kontron ostaja popolnoma zavezan spo\u0161tovanju mednarodnega prava - kontron\" \/>\n<meta property=\"og:description\" content=\"Kontron, d. o. o. in skupina Kontron AG svoje obveznosti v okviru mednarodnih sankcij jemljeta zelo resno.\" \/>\n<meta property=\"og:url\" content=\"https:\/\/kontron-slovenia.com\/sl\/javno-sporocilo-o-trenutnem-medijskem-porocanju-kontron-ostaja-popolnoma-zavezan-spostovanju-mednarodnega-prava\/\" \/>\n<meta property=\"og:site_name\" content=\"kontron\" \/>\n<meta property=\"article:published_time\" content=\"2023-05-23T11:05:00+00:00\" \/>\n<meta property=\"article:modified_time\" content=\"2025-05-26T07:34:51+00:00\" \/>\n<meta property=\"og:image\" content=\"https:\/\/kontron-slovenia.com\/wp-content\/uploads\/2023\/06\/Kontron-OG-image.png\" \/>\n\t<meta property=\"og:image:width\" content=\"1200\" \/>\n\t<meta property=\"og:image:height\" content=\"630\" \/>\n\t<meta property=\"og:image:type\" content=\"image\/png\" \/>\n<meta name=\"author\" content=\"Ale\u0161 Udir\" \/>\n<meta name=\"twitter:card\" content=\"summary_large_image\" \/>\n<script type=\"application\/ld+json\" class=\"yoast-schema-graph\">{\"@context\":\"https:\\\/\\\/schema.org\",\"@graph\":[{\"@type\":[\"Article\",\"BlogPosting\"],\"@id\":\"https:\\\/\\\/kontron-slovenia.com\\\/sl\\\/javno-sporocilo-o-trenutnem-medijskem-porocanju-kontron-ostaja-popolnoma-zavezan-spostovanju-mednarodnega-prava\\\/#article\",\"isPartOf\":{\"@id\":\"https:\\\/\\\/kontron-slovenia.com\\\/sl\\\/javno-sporocilo-o-trenutnem-medijskem-porocanju-kontron-ostaja-popolnoma-zavezan-spostovanju-mednarodnega-prava\\\/\"},\"author\":{\"name\":\"Ale\u0161 Udir\",\"@id\":\"https:\\\/\\\/kontron-slovenia.com\\\/sl\\\/#\\\/schema\\\/person\\\/28e2635af2ed8cc0e2f3e1ab549bd26f\"},\"headline\":\"Javno sporo\u010dilo o trenutnem medijskem poro\u010danju: Kontron ostaja popolnoma zavezan spo\u0161tovanju mednarodnega prava\",\"datePublished\":\"2023-05-23T11:05:00+00:00\",\"dateModified\":\"2025-05-26T07:34:51+00:00\",\"mainEntityOfPage\":{\"@id\":\"https:\\\/\\\/kontron-slovenia.com\\\/sl\\\/javno-sporocilo-o-trenutnem-medijskem-porocanju-kontron-ostaja-popolnoma-zavezan-spostovanju-mednarodnega-prava\\\/\"},\"wordCount\":16,\"publisher\":{\"@id\":\"https:\\\/\\\/kontron-slovenia.com\\\/sl\\\/#organization\"},\"image\":{\"@id\":\"https:\\\/\\\/kontron-slovenia.com\\\/sl\\\/javno-sporocilo-o-trenutnem-medijskem-porocanju-kontron-ostaja-popolnoma-zavezan-spostovanju-mednarodnega-prava\\\/#primaryimage\"},\"thumbnailUrl\":\"https:\\\/\\\/kontron-slovenia.com\\\/wp-content\\\/uploads\\\/2023\\\/06\\\/Kontron-OG-image.png\",\"articleSection\":[\"Novice\"],\"inLanguage\":\"sl-SI\"},{\"@type\":\"WebPage\",\"@id\":\"https:\\\/\\\/kontron-slovenia.com\\\/sl\\\/javno-sporocilo-o-trenutnem-medijskem-porocanju-kontron-ostaja-popolnoma-zavezan-spostovanju-mednarodnega-prava\\\/\",\"url\":\"https:\\\/\\\/kontron-slovenia.com\\\/sl\\\/javno-sporocilo-o-trenutnem-medijskem-porocanju-kontron-ostaja-popolnoma-zavezan-spostovanju-mednarodnega-prava\\\/\",\"name\":\"Javno sporo\u010dilo o trenutnem medijskem poro\u010danju: Kontron ostaja popolnoma zavezan spo\u0161tovanju mednarodnega prava - kontron\",\"isPartOf\":{\"@id\":\"https:\\\/\\\/kontron-slovenia.com\\\/sl\\\/#website\"},\"primaryImageOfPage\":{\"@id\":\"https:\\\/\\\/kontron-slovenia.com\\\/sl\\\/javno-sporocilo-o-trenutnem-medijskem-porocanju-kontron-ostaja-popolnoma-zavezan-spostovanju-mednarodnega-prava\\\/#primaryimage\"},\"image\":{\"@id\":\"https:\\\/\\\/kontron-slovenia.com\\\/sl\\\/javno-sporocilo-o-trenutnem-medijskem-porocanju-kontron-ostaja-popolnoma-zavezan-spostovanju-mednarodnega-prava\\\/#primaryimage\"},\"thumbnailUrl\":\"https:\\\/\\\/kontron-slovenia.com\\\/wp-content\\\/uploads\\\/2023\\\/06\\\/Kontron-OG-image.png\",\"datePublished\":\"2023-05-23T11:05:00+00:00\",\"dateModified\":\"2025-05-26T07:34:51+00:00\",\"description\":\"Kontron, d. o. o. in skupina Kontron AG svoje obveznosti v okviru mednarodnih sankcij jemljeta zelo resno.\",\"breadcrumb\":{\"@id\":\"https:\\\/\\\/kontron-slovenia.com\\\/sl\\\/javno-sporocilo-o-trenutnem-medijskem-porocanju-kontron-ostaja-popolnoma-zavezan-spostovanju-mednarodnega-prava\\\/#breadcrumb\"},\"inLanguage\":\"sl-SI\",\"potentialAction\":[{\"@type\":\"ReadAction\",\"target\":[\"https:\\\/\\\/kontron-slovenia.com\\\/sl\\\/javno-sporocilo-o-trenutnem-medijskem-porocanju-kontron-ostaja-popolnoma-zavezan-spostovanju-mednarodnega-prava\\\/\"]}]},{\"@type\":\"ImageObject\",\"inLanguage\":\"sl-SI\",\"@id\":\"https:\\\/\\\/kontron-slovenia.com\\\/sl\\\/javno-sporocilo-o-trenutnem-medijskem-porocanju-kontron-ostaja-popolnoma-zavezan-spostovanju-mednarodnega-prava\\\/#primaryimage\",\"url\":\"https:\\\/\\\/kontron-slovenia.com\\\/wp-content\\\/uploads\\\/2023\\\/06\\\/Kontron-OG-image.png\",\"contentUrl\":\"https:\\\/\\\/kontron-slovenia.com\\\/wp-content\\\/uploads\\\/2023\\\/06\\\/Kontron-OG-image.png\",\"width\":1200,\"height\":630},{\"@type\":\"BreadcrumbList\",\"@id\":\"https:\\\/\\\/kontron-slovenia.com\\\/sl\\\/javno-sporocilo-o-trenutnem-medijskem-porocanju-kontron-ostaja-popolnoma-zavezan-spostovanju-mednarodnega-prava\\\/#breadcrumb\",\"itemListElement\":[{\"@type\":\"ListItem\",\"position\":1,\"name\":\"Kontron\",\"item\":\"https:\\\/\\\/kontron-slovenia.com\\\/sl\\\/\"},{\"@type\":\"ListItem\",\"position\":2,\"name\":\"Javno sporo\u010dilo o trenutnem medijskem poro\u010danju: Kontron ostaja popolnoma zavezan spo\u0161tovanju mednarodnega prava\"}]},{\"@type\":\"WebSite\",\"@id\":\"https:\\\/\\\/kontron-slovenia.com\\\/sl\\\/#website\",\"url\":\"https:\\\/\\\/kontron-slovenia.com\\\/sl\\\/\",\"name\":\"Kontron\",\"description\":\"\",\"publisher\":{\"@id\":\"https:\\\/\\\/kontron-slovenia.com\\\/sl\\\/#organization\"},\"potentialAction\":[{\"@type\":\"SearchAction\",\"target\":{\"@type\":\"EntryPoint\",\"urlTemplate\":\"https:\\\/\\\/kontron-slovenia.com\\\/sl\\\/?s={search_term_string}\"},\"query-input\":{\"@type\":\"PropertyValueSpecification\",\"valueRequired\":true,\"valueName\":\"search_term_string\"}}],\"inLanguage\":\"sl-SI\"},{\"@type\":\"Organization\",\"@id\":\"https:\\\/\\\/kontron-slovenia.com\\\/sl\\\/#organization\",\"name\":\"Kontron\",\"url\":\"https:\\\/\\\/kontron-slovenia.com\\\/sl\\\/\",\"logo\":{\"@type\":\"ImageObject\",\"inLanguage\":\"sl-SI\",\"@id\":\"https:\\\/\\\/kontron-slovenia.com\\\/sl\\\/#\\\/schema\\\/logo\\\/image\\\/\",\"url\":\"https:\\\/\\\/kontron-slovenia.com\\\/wp-content\\\/uploads\\\/2023\\\/06\\\/kontron-logo.png\",\"contentUrl\":\"https:\\\/\\\/kontron-slovenia.com\\\/wp-content\\\/uploads\\\/2023\\\/06\\\/kontron-logo.png\",\"width\":384,\"height\":72,\"caption\":\"Kontron\"},\"image\":{\"@id\":\"https:\\\/\\\/kontron-slovenia.com\\\/sl\\\/#\\\/schema\\\/logo\\\/image\\\/\"}},{\"@type\":\"Person\",\"@id\":\"https:\\\/\\\/kontron-slovenia.com\\\/sl\\\/#\\\/schema\\\/person\\\/28e2635af2ed8cc0e2f3e1ab549bd26f\",\"name\":\"Ale\u0161 Udir\",\"image\":{\"@type\":\"ImageObject\",\"inLanguage\":\"sl-SI\",\"@id\":\"https:\\\/\\\/secure.gravatar.com\\\/avatar\\\/bbd679b977d6a34a918f01f9791141e85c5f9aeb2e6ce5363fe055bc24f25614?s=96&d=mm&r=g\",\"url\":\"https:\\\/\\\/secure.gravatar.com\\\/avatar\\\/bbd679b977d6a34a918f01f9791141e85c5f9aeb2e6ce5363fe055bc24f25614?s=96&d=mm&r=g\",\"contentUrl\":\"https:\\\/\\\/secure.gravatar.com\\\/avatar\\\/bbd679b977d6a34a918f01f9791141e85c5f9aeb2e6ce5363fe055bc24f25614?s=96&d=mm&r=g\",\"caption\":\"Ale\u0161 Udir\"}}]}<\/script>\n<!-- \/ Yoast SEO plugin. -->","yoast_head_json":{"title":"Javno sporo\u010dilo o trenutnem medijskem poro\u010danju: Kontron ostaja popolnoma zavezan spo\u0161tovanju mednarodnega prava - kontron","description":"Kontron, d. o. o. in skupina Kontron AG svoje obveznosti v okviru mednarodnih sankcij jemljeta zelo resno.","robots":{"index":"index","follow":"follow","max-snippet":"max-snippet:-1","max-image-preview":"max-image-preview:large","max-video-preview":"max-video-preview:-1"},"canonical":"https:\/\/kontron-slovenia.com\/sl\/javno-sporocilo-o-trenutnem-medijskem-porocanju-kontron-ostaja-popolnoma-zavezan-spostovanju-mednarodnega-prava\/","og_locale":"sl_SI","og_type":"article","og_title":"Javno sporo\u010dilo o trenutnem medijskem poro\u010danju: Kontron ostaja popolnoma zavezan spo\u0161tovanju mednarodnega prava - kontron","og_description":"Kontron, d. o. o. in skupina Kontron AG svoje obveznosti v okviru mednarodnih sankcij jemljeta zelo resno.","og_url":"https:\/\/kontron-slovenia.com\/sl\/javno-sporocilo-o-trenutnem-medijskem-porocanju-kontron-ostaja-popolnoma-zavezan-spostovanju-mednarodnega-prava\/","og_site_name":"kontron","article_published_time":"2023-05-23T11:05:00+00:00","article_modified_time":"2025-05-26T07:34:51+00:00","og_image":[{"width":1200,"height":630,"url":"https:\/\/kontron-slovenia.com\/wp-content\/uploads\/2023\/06\/Kontron-OG-image.png","type":"image\/png"}],"author":"Ale\u0161 Udir","twitter_card":"summary_large_image","schema":{"@context":"https:\/\/schema.org","@graph":[{"@type":["Article","BlogPosting"],"@id":"https:\/\/kontron-slovenia.com\/sl\/javno-sporocilo-o-trenutnem-medijskem-porocanju-kontron-ostaja-popolnoma-zavezan-spostovanju-mednarodnega-prava\/#article","isPartOf":{"@id":"https:\/\/kontron-slovenia.com\/sl\/javno-sporocilo-o-trenutnem-medijskem-porocanju-kontron-ostaja-popolnoma-zavezan-spostovanju-mednarodnega-prava\/"},"author":{"name":"Ale\u0161 Udir","@id":"https:\/\/kontron-slovenia.com\/sl\/#\/schema\/person\/28e2635af2ed8cc0e2f3e1ab549bd26f"},"headline":"Javno sporo\u010dilo o trenutnem medijskem poro\u010danju: Kontron ostaja popolnoma zavezan spo\u0161tovanju mednarodnega prava","datePublished":"2023-05-23T11:05:00+00:00","dateModified":"2025-05-26T07:34:51+00:00","mainEntityOfPage":{"@id":"https:\/\/kontron-slovenia.com\/sl\/javno-sporocilo-o-trenutnem-medijskem-porocanju-kontron-ostaja-popolnoma-zavezan-spostovanju-mednarodnega-prava\/"},"wordCount":16,"publisher":{"@id":"https:\/\/kontron-slovenia.com\/sl\/#organization"},"image":{"@id":"https:\/\/kontron-slovenia.com\/sl\/javno-sporocilo-o-trenutnem-medijskem-porocanju-kontron-ostaja-popolnoma-zavezan-spostovanju-mednarodnega-prava\/#primaryimage"},"thumbnailUrl":"https:\/\/kontron-slovenia.com\/wp-content\/uploads\/2023\/06\/Kontron-OG-image.png","articleSection":["Novice"],"inLanguage":"sl-SI"},{"@type":"WebPage","@id":"https:\/\/kontron-slovenia.com\/sl\/javno-sporocilo-o-trenutnem-medijskem-porocanju-kontron-ostaja-popolnoma-zavezan-spostovanju-mednarodnega-prava\/","url":"https:\/\/kontron-slovenia.com\/sl\/javno-sporocilo-o-trenutnem-medijskem-porocanju-kontron-ostaja-popolnoma-zavezan-spostovanju-mednarodnega-prava\/","name":"Javno sporo\u010dilo o trenutnem medijskem poro\u010danju: Kontron ostaja popolnoma zavezan spo\u0161tovanju mednarodnega prava - kontron","isPartOf":{"@id":"https:\/\/kontron-slovenia.com\/sl\/#website"},"primaryImageOfPage":{"@id":"https:\/\/kontron-slovenia.com\/sl\/javno-sporocilo-o-trenutnem-medijskem-porocanju-kontron-ostaja-popolnoma-zavezan-spostovanju-mednarodnega-prava\/#primaryimage"},"image":{"@id":"https:\/\/kontron-slovenia.com\/sl\/javno-sporocilo-o-trenutnem-medijskem-porocanju-kontron-ostaja-popolnoma-zavezan-spostovanju-mednarodnega-prava\/#primaryimage"},"thumbnailUrl":"https:\/\/kontron-slovenia.com\/wp-content\/uploads\/2023\/06\/Kontron-OG-image.png","datePublished":"2023-05-23T11:05:00+00:00","dateModified":"2025-05-26T07:34:51+00:00","description":"Kontron, d. o. o. in skupina Kontron AG svoje obveznosti v okviru mednarodnih sankcij jemljeta zelo resno.","breadcrumb":{"@id":"https:\/\/kontron-slovenia.com\/sl\/javno-sporocilo-o-trenutnem-medijskem-porocanju-kontron-ostaja-popolnoma-zavezan-spostovanju-mednarodnega-prava\/#breadcrumb"},"inLanguage":"sl-SI","potentialAction":[{"@type":"ReadAction","target":["https:\/\/kontron-slovenia.com\/sl\/javno-sporocilo-o-trenutnem-medijskem-porocanju-kontron-ostaja-popolnoma-zavezan-spostovanju-mednarodnega-prava\/"]}]},{"@type":"ImageObject","inLanguage":"sl-SI","@id":"https:\/\/kontron-slovenia.com\/sl\/javno-sporocilo-o-trenutnem-medijskem-porocanju-kontron-ostaja-popolnoma-zavezan-spostovanju-mednarodnega-prava\/#primaryimage","url":"https:\/\/kontron-slovenia.com\/wp-content\/uploads\/2023\/06\/Kontron-OG-image.png","contentUrl":"https:\/\/kontron-slovenia.com\/wp-content\/uploads\/2023\/06\/Kontron-OG-image.png","width":1200,"height":630},{"@type":"BreadcrumbList","@id":"https:\/\/kontron-slovenia.com\/sl\/javno-sporocilo-o-trenutnem-medijskem-porocanju-kontron-ostaja-popolnoma-zavezan-spostovanju-mednarodnega-prava\/#breadcrumb","itemListElement":[{"@type":"ListItem","position":1,"name":"Kontron","item":"https:\/\/kontron-slovenia.com\/sl\/"},{"@type":"ListItem","position":2,"name":"Javno sporo\u010dilo o trenutnem medijskem poro\u010danju: Kontron ostaja popolnoma zavezan spo\u0161tovanju mednarodnega prava"}]},{"@type":"WebSite","@id":"https:\/\/kontron-slovenia.com\/sl\/#website","url":"https:\/\/kontron-slovenia.com\/sl\/","name":"Kontron","description":"","publisher":{"@id":"https:\/\/kontron-slovenia.com\/sl\/#organization"},"potentialAction":[{"@type":"SearchAction","target":{"@type":"EntryPoint","urlTemplate":"https:\/\/kontron-slovenia.com\/sl\/?s={search_term_string}"},"query-input":{"@type":"PropertyValueSpecification","valueRequired":true,"valueName":"search_term_string"}}],"inLanguage":"sl-SI"},{"@type":"Organization","@id":"https:\/\/kontron-slovenia.com\/sl\/#organization","name":"Kontron","url":"https:\/\/kontron-slovenia.com\/sl\/","logo":{"@type":"ImageObject","inLanguage":"sl-SI","@id":"https:\/\/kontron-slovenia.com\/sl\/#\/schema\/logo\/image\/","url":"https:\/\/kontron-slovenia.com\/wp-content\/uploads\/2023\/06\/kontron-logo.png","contentUrl":"https:\/\/kontron-slovenia.com\/wp-content\/uploads\/2023\/06\/kontron-logo.png","width":384,"height":72,"caption":"Kontron"},"image":{"@id":"https:\/\/kontron-slovenia.com\/sl\/#\/schema\/logo\/image\/"}},{"@type":"Person","@id":"https:\/\/kontron-slovenia.com\/sl\/#\/schema\/person\/28e2635af2ed8cc0e2f3e1ab549bd26f","name":"Ale\u0161 Udir","image":{"@type":"ImageObject","inLanguage":"sl-SI","@id":"https:\/\/secure.gravatar.com\/avatar\/bbd679b977d6a34a918f01f9791141e85c5f9aeb2e6ce5363fe055bc24f25614?s=96&d=mm&r=g","url":"https:\/\/secure.gravatar.com\/avatar\/bbd679b977d6a34a918f01f9791141e85c5f9aeb2e6ce5363fe055bc24f25614?s=96&d=mm&r=g","contentUrl":"https:\/\/secure.gravatar.com\/avatar\/bbd679b977d6a34a918f01f9791141e85c5f9aeb2e6ce5363fe055bc24f25614?s=96&d=mm&r=g","caption":"Ale\u0161 Udir"}}]}},"_links":{"self":[{"href":"https:\/\/kontron-slovenia.com\/sl\/wp-json\/wp\/v2\/posts\/26446","targetHints":{"allow":["GET"]}}],"collection":[{"href":"https:\/\/kontron-slovenia.com\/sl\/wp-json\/wp\/v2\/posts"}],"about":[{"href":"https:\/\/kontron-slovenia.com\/sl\/wp-json\/wp\/v2\/types\/post"}],"author":[{"embeddable":true,"href":"https:\/\/kontron-slovenia.com\/sl\/wp-json\/wp\/v2\/users\/12"}],"replies":[{"embeddable":true,"href":"https:\/\/kontron-slovenia.com\/sl\/wp-json\/wp\/v2\/comments?post=26446"}],"version-history":[{"count":1,"href":"https:\/\/kontron-slovenia.com\/sl\/wp-json\/wp\/v2\/posts\/26446\/revisions"}],"predecessor-version":[{"id":26449,"href":"https:\/\/kontron-slovenia.com\/sl\/wp-json\/wp\/v2\/posts\/26446\/revisions\/26449"}],"wp:featuredmedia":[{"embeddable":true,"href":"https:\/\/kontron-slovenia.com\/sl\/wp-json\/wp\/v2\/media\/7272"}],"wp:attachment":[{"href":"https:\/\/kontron-slovenia.com\/sl\/wp-json\/wp\/v2\/media?parent=26446"}],"wp:term":[{"taxonomy":"category","embeddable":true,"href":"https:\/\/kontron-slovenia.com\/sl\/wp-json\/wp\/v2\/categories?post=26446"},{"taxonomy":"post_tag","embeddable":true,"href":"https:\/\/kontron-slovenia.com\/sl\/wp-json\/wp\/v2\/tags?post=26446"}],"curies":[{"name":"wp","href":"https:\/\/api.w.org\/{rel}","templated":true}]}}