{"id":28715,"date":"2026-01-16T14:41:39","date_gmt":"2026-01-16T13:41:39","guid":{"rendered":"https:\/\/kontron-slovenia.com\/?p=28715"},"modified":"2026-04-13T10:35:54","modified_gmt":"2026-04-13T09:35:54","slug":"demo-dan-za-javni-sektor-varnost-in-obrambo","status":"publish","type":"post","link":"https:\/\/kontron-slovenia.com\/sl\/demo-dan-za-javni-sektor-varnost-in-obrambo\/","title":{"rendered":"Demo dan za javni sektor, kriti\u010dno infrastrukturo in obrambo"},"content":{"rendered":"","protected":false},"excerpt":{"rendered":"","protected":false},"author":12,"featured_media":28717,"comment_status":"closed","ping_status":"closed","sticky":false,"template":"","format":"standard","meta":{"_acf_changed":false,"footnotes":""},"categories":[10],"tags":[],"class_list":["post-28715","post","type-post","status-publish","format-standard","has-post-thumbnail","hentry","category-dogodki"],"acf":[],"yoast_head":"<!-- This site is optimized with the Yoast SEO plugin v27.3 - https:\/\/yoast.com\/product\/yoast-seo-wordpress\/ -->\n<title>Demo dan za javni sektor, kriti\u010dno infrastrukturo in obrambo - kontron<\/title>\n<meta name=\"description\" content=\"Demo dan za javni sektor, kriti\u010dno infrastrukturo in obrambo - kriti\u010dne komunikacije, varna zasebna 5G omre\u017eja, obla\u010dne in AI re\u0161itve za suvereno javno okolje\" \/>\n<meta name=\"robots\" content=\"index, follow, max-snippet:-1, max-image-preview:large, max-video-preview:-1\" \/>\n<link rel=\"canonical\" href=\"https:\/\/kontron-slovenia.com\/sl\/demo-dan-za-javni-sektor-varnost-in-obrambo\/\" \/>\n<meta property=\"og:locale\" content=\"sl_SI\" \/>\n<meta property=\"og:type\" content=\"article\" \/>\n<meta property=\"og:title\" content=\"Demo dan za javni sektor, kriti\u010dno infrastrukturo in obrambo - kontron\" \/>\n<meta property=\"og:description\" content=\"Demo dan za javni sektor, kriti\u010dno infrastrukturo in obrambo - kriti\u010dne komunikacije, varna zasebna 5G omre\u017eja, obla\u010dne in AI re\u0161itve za suvereno javno okolje\" \/>\n<meta property=\"og:url\" content=\"https:\/\/kontron-slovenia.com\/sl\/demo-dan-za-javni-sektor-varnost-in-obrambo\/\" \/>\n<meta property=\"og:site_name\" content=\"kontron\" \/>\n<meta property=\"article:published_time\" content=\"2026-01-16T13:41:39+00:00\" \/>\n<meta property=\"article:modified_time\" content=\"2026-04-13T09:35:54+00:00\" \/>\n<meta property=\"og:image\" content=\"https:\/\/kontron-slovenia.com\/wp-content\/uploads\/2026\/01\/mission-critical-networks.jpg\" \/>\n\t<meta property=\"og:image:width\" content=\"800\" \/>\n\t<meta property=\"og:image:height\" content=\"400\" \/>\n\t<meta property=\"og:image:type\" content=\"image\/jpeg\" \/>\n<meta name=\"author\" content=\"Ale\u0161 Udir\" \/>\n<meta name=\"twitter:card\" content=\"summary_large_image\" \/>\n<script type=\"application\/ld+json\" class=\"yoast-schema-graph\">{\"@context\":\"https:\\\/\\\/schema.org\",\"@graph\":[{\"@type\":[\"Article\",\"BlogPosting\"],\"@id\":\"https:\\\/\\\/kontron-slovenia.com\\\/sl\\\/demo-dan-za-javni-sektor-varnost-in-obrambo\\\/#article\",\"isPartOf\":{\"@id\":\"https:\\\/\\\/kontron-slovenia.com\\\/sl\\\/demo-dan-za-javni-sektor-varnost-in-obrambo\\\/\"},\"author\":{\"name\":\"Ale\u0161 Udir\",\"@id\":\"https:\\\/\\\/kontron-slovenia.com\\\/sl\\\/#\\\/schema\\\/person\\\/28e2635af2ed8cc0e2f3e1ab549bd26f\"},\"headline\":\"Demo dan za javni sektor, kriti\u010dno infrastrukturo in obrambo\",\"datePublished\":\"2026-01-16T13:41:39+00:00\",\"dateModified\":\"2026-04-13T09:35:54+00:00\",\"mainEntityOfPage\":{\"@id\":\"https:\\\/\\\/kontron-slovenia.com\\\/sl\\\/demo-dan-za-javni-sektor-varnost-in-obrambo\\\/\"},\"wordCount\":10,\"publisher\":{\"@id\":\"https:\\\/\\\/kontron-slovenia.com\\\/sl\\\/#organization\"},\"image\":{\"@id\":\"https:\\\/\\\/kontron-slovenia.com\\\/sl\\\/demo-dan-za-javni-sektor-varnost-in-obrambo\\\/#primaryimage\"},\"thumbnailUrl\":\"https:\\\/\\\/kontron-slovenia.com\\\/wp-content\\\/uploads\\\/2026\\\/01\\\/mission-critical-networks.jpg\",\"articleSection\":[\"Dogodki\"],\"inLanguage\":\"sl-SI\"},{\"@type\":\"WebPage\",\"@id\":\"https:\\\/\\\/kontron-slovenia.com\\\/sl\\\/demo-dan-za-javni-sektor-varnost-in-obrambo\\\/\",\"url\":\"https:\\\/\\\/kontron-slovenia.com\\\/sl\\\/demo-dan-za-javni-sektor-varnost-in-obrambo\\\/\",\"name\":\"Demo dan za javni sektor, kriti\u010dno infrastrukturo in obrambo - kontron\",\"isPartOf\":{\"@id\":\"https:\\\/\\\/kontron-slovenia.com\\\/sl\\\/#website\"},\"primaryImageOfPage\":{\"@id\":\"https:\\\/\\\/kontron-slovenia.com\\\/sl\\\/demo-dan-za-javni-sektor-varnost-in-obrambo\\\/#primaryimage\"},\"image\":{\"@id\":\"https:\\\/\\\/kontron-slovenia.com\\\/sl\\\/demo-dan-za-javni-sektor-varnost-in-obrambo\\\/#primaryimage\"},\"thumbnailUrl\":\"https:\\\/\\\/kontron-slovenia.com\\\/wp-content\\\/uploads\\\/2026\\\/01\\\/mission-critical-networks.jpg\",\"datePublished\":\"2026-01-16T13:41:39+00:00\",\"dateModified\":\"2026-04-13T09:35:54+00:00\",\"description\":\"Demo dan za javni sektor, kriti\u010dno infrastrukturo in obrambo - kriti\u010dne komunikacije, varna zasebna 5G omre\u017eja, obla\u010dne in AI re\u0161itve za suvereno javno okolje\",\"breadcrumb\":{\"@id\":\"https:\\\/\\\/kontron-slovenia.com\\\/sl\\\/demo-dan-za-javni-sektor-varnost-in-obrambo\\\/#breadcrumb\"},\"inLanguage\":\"sl-SI\",\"potentialAction\":[{\"@type\":\"ReadAction\",\"target\":[\"https:\\\/\\\/kontron-slovenia.com\\\/sl\\\/demo-dan-za-javni-sektor-varnost-in-obrambo\\\/\"]}]},{\"@type\":\"ImageObject\",\"inLanguage\":\"sl-SI\",\"@id\":\"https:\\\/\\\/kontron-slovenia.com\\\/sl\\\/demo-dan-za-javni-sektor-varnost-in-obrambo\\\/#primaryimage\",\"url\":\"https:\\\/\\\/kontron-slovenia.com\\\/wp-content\\\/uploads\\\/2026\\\/01\\\/mission-critical-networks.jpg\",\"contentUrl\":\"https:\\\/\\\/kontron-slovenia.com\\\/wp-content\\\/uploads\\\/2026\\\/01\\\/mission-critical-networks.jpg\",\"width\":800,\"height\":400,\"caption\":\"mission critical networks\"},{\"@type\":\"BreadcrumbList\",\"@id\":\"https:\\\/\\\/kontron-slovenia.com\\\/sl\\\/demo-dan-za-javni-sektor-varnost-in-obrambo\\\/#breadcrumb\",\"itemListElement\":[{\"@type\":\"ListItem\",\"position\":1,\"name\":\"Kontron\",\"item\":\"https:\\\/\\\/kontron-slovenia.com\\\/sl\\\/\"},{\"@type\":\"ListItem\",\"position\":2,\"name\":\"Demo dan za javni sektor, kriti\u010dno infrastrukturo in obrambo\"}]},{\"@type\":\"WebSite\",\"@id\":\"https:\\\/\\\/kontron-slovenia.com\\\/sl\\\/#website\",\"url\":\"https:\\\/\\\/kontron-slovenia.com\\\/sl\\\/\",\"name\":\"Kontron\",\"description\":\"\",\"publisher\":{\"@id\":\"https:\\\/\\\/kontron-slovenia.com\\\/sl\\\/#organization\"},\"potentialAction\":[{\"@type\":\"SearchAction\",\"target\":{\"@type\":\"EntryPoint\",\"urlTemplate\":\"https:\\\/\\\/kontron-slovenia.com\\\/sl\\\/?s={search_term_string}\"},\"query-input\":{\"@type\":\"PropertyValueSpecification\",\"valueRequired\":true,\"valueName\":\"search_term_string\"}}],\"inLanguage\":\"sl-SI\"},{\"@type\":\"Organization\",\"@id\":\"https:\\\/\\\/kontron-slovenia.com\\\/sl\\\/#organization\",\"name\":\"Kontron\",\"url\":\"https:\\\/\\\/kontron-slovenia.com\\\/sl\\\/\",\"logo\":{\"@type\":\"ImageObject\",\"inLanguage\":\"sl-SI\",\"@id\":\"https:\\\/\\\/kontron-slovenia.com\\\/sl\\\/#\\\/schema\\\/logo\\\/image\\\/\",\"url\":\"https:\\\/\\\/kontron-slovenia.com\\\/wp-content\\\/uploads\\\/2023\\\/06\\\/kontron-logo.png\",\"contentUrl\":\"https:\\\/\\\/kontron-slovenia.com\\\/wp-content\\\/uploads\\\/2023\\\/06\\\/kontron-logo.png\",\"width\":384,\"height\":72,\"caption\":\"Kontron\"},\"image\":{\"@id\":\"https:\\\/\\\/kontron-slovenia.com\\\/sl\\\/#\\\/schema\\\/logo\\\/image\\\/\"}},{\"@type\":\"Person\",\"@id\":\"https:\\\/\\\/kontron-slovenia.com\\\/sl\\\/#\\\/schema\\\/person\\\/28e2635af2ed8cc0e2f3e1ab549bd26f\",\"name\":\"Ale\u0161 Udir\",\"image\":{\"@type\":\"ImageObject\",\"inLanguage\":\"sl-SI\",\"@id\":\"https:\\\/\\\/secure.gravatar.com\\\/avatar\\\/bbd679b977d6a34a918f01f9791141e85c5f9aeb2e6ce5363fe055bc24f25614?s=96&d=mm&r=g\",\"url\":\"https:\\\/\\\/secure.gravatar.com\\\/avatar\\\/bbd679b977d6a34a918f01f9791141e85c5f9aeb2e6ce5363fe055bc24f25614?s=96&d=mm&r=g\",\"contentUrl\":\"https:\\\/\\\/secure.gravatar.com\\\/avatar\\\/bbd679b977d6a34a918f01f9791141e85c5f9aeb2e6ce5363fe055bc24f25614?s=96&d=mm&r=g\",\"caption\":\"Ale\u0161 Udir\"}}]}<\/script>\n<!-- \/ Yoast SEO plugin. -->","yoast_head_json":{"title":"Demo dan za javni sektor, kriti\u010dno infrastrukturo in obrambo - kontron","description":"Demo dan za javni sektor, kriti\u010dno infrastrukturo in obrambo - kriti\u010dne komunikacije, varna zasebna 5G omre\u017eja, obla\u010dne in AI re\u0161itve za suvereno javno okolje","robots":{"index":"index","follow":"follow","max-snippet":"max-snippet:-1","max-image-preview":"max-image-preview:large","max-video-preview":"max-video-preview:-1"},"canonical":"https:\/\/kontron-slovenia.com\/sl\/demo-dan-za-javni-sektor-varnost-in-obrambo\/","og_locale":"sl_SI","og_type":"article","og_title":"Demo dan za javni sektor, kriti\u010dno infrastrukturo in obrambo - kontron","og_description":"Demo dan za javni sektor, kriti\u010dno infrastrukturo in obrambo - kriti\u010dne komunikacije, varna zasebna 5G omre\u017eja, obla\u010dne in AI re\u0161itve za suvereno javno okolje","og_url":"https:\/\/kontron-slovenia.com\/sl\/demo-dan-za-javni-sektor-varnost-in-obrambo\/","og_site_name":"kontron","article_published_time":"2026-01-16T13:41:39+00:00","article_modified_time":"2026-04-13T09:35:54+00:00","og_image":[{"width":800,"height":400,"url":"https:\/\/kontron-slovenia.com\/wp-content\/uploads\/2026\/01\/mission-critical-networks.jpg","type":"image\/jpeg"}],"author":"Ale\u0161 Udir","twitter_card":"summary_large_image","schema":{"@context":"https:\/\/schema.org","@graph":[{"@type":["Article","BlogPosting"],"@id":"https:\/\/kontron-slovenia.com\/sl\/demo-dan-za-javni-sektor-varnost-in-obrambo\/#article","isPartOf":{"@id":"https:\/\/kontron-slovenia.com\/sl\/demo-dan-za-javni-sektor-varnost-in-obrambo\/"},"author":{"name":"Ale\u0161 Udir","@id":"https:\/\/kontron-slovenia.com\/sl\/#\/schema\/person\/28e2635af2ed8cc0e2f3e1ab549bd26f"},"headline":"Demo dan za javni sektor, kriti\u010dno infrastrukturo in obrambo","datePublished":"2026-01-16T13:41:39+00:00","dateModified":"2026-04-13T09:35:54+00:00","mainEntityOfPage":{"@id":"https:\/\/kontron-slovenia.com\/sl\/demo-dan-za-javni-sektor-varnost-in-obrambo\/"},"wordCount":10,"publisher":{"@id":"https:\/\/kontron-slovenia.com\/sl\/#organization"},"image":{"@id":"https:\/\/kontron-slovenia.com\/sl\/demo-dan-za-javni-sektor-varnost-in-obrambo\/#primaryimage"},"thumbnailUrl":"https:\/\/kontron-slovenia.com\/wp-content\/uploads\/2026\/01\/mission-critical-networks.jpg","articleSection":["Dogodki"],"inLanguage":"sl-SI"},{"@type":"WebPage","@id":"https:\/\/kontron-slovenia.com\/sl\/demo-dan-za-javni-sektor-varnost-in-obrambo\/","url":"https:\/\/kontron-slovenia.com\/sl\/demo-dan-za-javni-sektor-varnost-in-obrambo\/","name":"Demo dan za javni sektor, kriti\u010dno infrastrukturo in obrambo - kontron","isPartOf":{"@id":"https:\/\/kontron-slovenia.com\/sl\/#website"},"primaryImageOfPage":{"@id":"https:\/\/kontron-slovenia.com\/sl\/demo-dan-za-javni-sektor-varnost-in-obrambo\/#primaryimage"},"image":{"@id":"https:\/\/kontron-slovenia.com\/sl\/demo-dan-za-javni-sektor-varnost-in-obrambo\/#primaryimage"},"thumbnailUrl":"https:\/\/kontron-slovenia.com\/wp-content\/uploads\/2026\/01\/mission-critical-networks.jpg","datePublished":"2026-01-16T13:41:39+00:00","dateModified":"2026-04-13T09:35:54+00:00","description":"Demo dan za javni sektor, kriti\u010dno infrastrukturo in obrambo - kriti\u010dne komunikacije, varna zasebna 5G omre\u017eja, obla\u010dne in AI re\u0161itve za suvereno javno okolje","breadcrumb":{"@id":"https:\/\/kontron-slovenia.com\/sl\/demo-dan-za-javni-sektor-varnost-in-obrambo\/#breadcrumb"},"inLanguage":"sl-SI","potentialAction":[{"@type":"ReadAction","target":["https:\/\/kontron-slovenia.com\/sl\/demo-dan-za-javni-sektor-varnost-in-obrambo\/"]}]},{"@type":"ImageObject","inLanguage":"sl-SI","@id":"https:\/\/kontron-slovenia.com\/sl\/demo-dan-za-javni-sektor-varnost-in-obrambo\/#primaryimage","url":"https:\/\/kontron-slovenia.com\/wp-content\/uploads\/2026\/01\/mission-critical-networks.jpg","contentUrl":"https:\/\/kontron-slovenia.com\/wp-content\/uploads\/2026\/01\/mission-critical-networks.jpg","width":800,"height":400,"caption":"mission critical networks"},{"@type":"BreadcrumbList","@id":"https:\/\/kontron-slovenia.com\/sl\/demo-dan-za-javni-sektor-varnost-in-obrambo\/#breadcrumb","itemListElement":[{"@type":"ListItem","position":1,"name":"Kontron","item":"https:\/\/kontron-slovenia.com\/sl\/"},{"@type":"ListItem","position":2,"name":"Demo dan za javni sektor, kriti\u010dno infrastrukturo in obrambo"}]},{"@type":"WebSite","@id":"https:\/\/kontron-slovenia.com\/sl\/#website","url":"https:\/\/kontron-slovenia.com\/sl\/","name":"Kontron","description":"","publisher":{"@id":"https:\/\/kontron-slovenia.com\/sl\/#organization"},"potentialAction":[{"@type":"SearchAction","target":{"@type":"EntryPoint","urlTemplate":"https:\/\/kontron-slovenia.com\/sl\/?s={search_term_string}"},"query-input":{"@type":"PropertyValueSpecification","valueRequired":true,"valueName":"search_term_string"}}],"inLanguage":"sl-SI"},{"@type":"Organization","@id":"https:\/\/kontron-slovenia.com\/sl\/#organization","name":"Kontron","url":"https:\/\/kontron-slovenia.com\/sl\/","logo":{"@type":"ImageObject","inLanguage":"sl-SI","@id":"https:\/\/kontron-slovenia.com\/sl\/#\/schema\/logo\/image\/","url":"https:\/\/kontron-slovenia.com\/wp-content\/uploads\/2023\/06\/kontron-logo.png","contentUrl":"https:\/\/kontron-slovenia.com\/wp-content\/uploads\/2023\/06\/kontron-logo.png","width":384,"height":72,"caption":"Kontron"},"image":{"@id":"https:\/\/kontron-slovenia.com\/sl\/#\/schema\/logo\/image\/"}},{"@type":"Person","@id":"https:\/\/kontron-slovenia.com\/sl\/#\/schema\/person\/28e2635af2ed8cc0e2f3e1ab549bd26f","name":"Ale\u0161 Udir","image":{"@type":"ImageObject","inLanguage":"sl-SI","@id":"https:\/\/secure.gravatar.com\/avatar\/bbd679b977d6a34a918f01f9791141e85c5f9aeb2e6ce5363fe055bc24f25614?s=96&d=mm&r=g","url":"https:\/\/secure.gravatar.com\/avatar\/bbd679b977d6a34a918f01f9791141e85c5f9aeb2e6ce5363fe055bc24f25614?s=96&d=mm&r=g","contentUrl":"https:\/\/secure.gravatar.com\/avatar\/bbd679b977d6a34a918f01f9791141e85c5f9aeb2e6ce5363fe055bc24f25614?s=96&d=mm&r=g","caption":"Ale\u0161 Udir"}}]}},"_links":{"self":[{"href":"https:\/\/kontron-slovenia.com\/sl\/wp-json\/wp\/v2\/posts\/28715","targetHints":{"allow":["GET"]}}],"collection":[{"href":"https:\/\/kontron-slovenia.com\/sl\/wp-json\/wp\/v2\/posts"}],"about":[{"href":"https:\/\/kontron-slovenia.com\/sl\/wp-json\/wp\/v2\/types\/post"}],"author":[{"embeddable":true,"href":"https:\/\/kontron-slovenia.com\/sl\/wp-json\/wp\/v2\/users\/12"}],"replies":[{"embeddable":true,"href":"https:\/\/kontron-slovenia.com\/sl\/wp-json\/wp\/v2\/comments?post=28715"}],"version-history":[{"count":7,"href":"https:\/\/kontron-slovenia.com\/sl\/wp-json\/wp\/v2\/posts\/28715\/revisions"}],"predecessor-version":[{"id":29672,"href":"https:\/\/kontron-slovenia.com\/sl\/wp-json\/wp\/v2\/posts\/28715\/revisions\/29672"}],"wp:featuredmedia":[{"embeddable":true,"href":"https:\/\/kontron-slovenia.com\/sl\/wp-json\/wp\/v2\/media\/28717"}],"wp:attachment":[{"href":"https:\/\/kontron-slovenia.com\/sl\/wp-json\/wp\/v2\/media?parent=28715"}],"wp:term":[{"taxonomy":"category","embeddable":true,"href":"https:\/\/kontron-slovenia.com\/sl\/wp-json\/wp\/v2\/categories?post=28715"},{"taxonomy":"post_tag","embeddable":true,"href":"https:\/\/kontron-slovenia.com\/sl\/wp-json\/wp\/v2\/tags?post=28715"}],"curies":[{"name":"wp","href":"https:\/\/api.w.org\/{rel}","templated":true}]}}